{"id":1747,"date":"2022-07-13T14:54:58","date_gmt":"2022-07-13T17:54:58","guid":{"rendered":"https:\/\/igreja.digital\/suporte\/?p=1747"},"modified":"2022-07-26T13:30:26","modified_gmt":"2022-07-26T16:30:26","slug":"criar-uma-escala","status":"publish","type":"post","link":"https:\/\/igreja.digital\/suporte\/organizacao\/criar-uma-escala\/","title":{"rendered":"Criar uma escala"},"content":{"rendered":"\n<p>Neste tutorial, aprenderemos passo-a-passo <strong>como criar uma escala<\/strong>.<\/p>\n\n\n\n<hr class=\"wp-block-separator\"\/>\n\n\n\n<p><strong>Passo 1<\/strong> \u2014 Acesse \u00e0 p\u00e1gina: <strong>Organiza\u00e7\u00e3o\/Escalas<\/strong>. (Figura 1)<\/p>\n\n\n\n<div class=\"wp-block-image\"><figure class=\"aligncenter\"><img loading=\"lazy\" decoding=\"async\" width=\"240\" height=\"152\" src=\"https:\/\/igreja.digital\/suporte\/wp-content\/uploads\/2022\/07\/bg1-3.png\" alt=\"\" class=\"wp-image-1751\"\/><figcaption>Figura 1: Acesso \u00e0 p\u00e1gina de Escalas<\/figcaption><\/figure><\/div>\n\n\n\n<p><strong>Passo 2<\/strong> \u2014 Em seguida, clique no bot\u00e3o <strong>Nova escala<\/strong>. (Figura 2)<\/p>\n\n\n\n<div class=\"wp-block-image\"><figure class=\"aligncenter\"><img loading=\"lazy\" decoding=\"async\" width=\"428\" height=\"78\" src=\"https:\/\/igreja.digital\/suporte\/wp-content\/uploads\/2022\/07\/bg2-4.png\" alt=\"\" class=\"wp-image-1752\" srcset=\"https:\/\/igreja.digital\/suporte\/wp-content\/uploads\/2022\/07\/bg2-4.png 428w, https:\/\/igreja.digital\/suporte\/wp-content\/uploads\/2022\/07\/bg2-4-300x55.png 300w\" sizes=\"auto, (max-width: 428px) 100vw, 428px\" \/><figcaption>Figura 2: Bot\u00e3o Nova escala<\/figcaption><\/figure><\/div>\n\n\n\n<p><strong>Passo 3<\/strong> \u2014 Na janela que abrir, <strong>preencha os campos<\/strong> que desejar nas abas dispon\u00edveis do formul\u00e1rio <strong>Nova escala<\/strong>. (Figura 3)<\/p>\n\n\n\n<p><em><strong>Nota 1:<\/strong> Os campos assinalados com asterisco (*) vermelho s\u00e3o de preenchimento obrigat\u00f3rio.<\/em><\/p>\n\n\n\n<p><em><strong>Nota 2:<\/strong> Na aba <strong>Equipe<\/strong>, voc\u00ea poder\u00e1 atribuir o respons\u00e1vel pela escala e outros membros da equipe.<\/em><\/p>\n\n\n\n<p><em><strong>Nota 3:<\/strong> Na aba <strong>Controle<\/strong>, voc\u00ea poder\u00e1 marcar os meses em que a escala dever\u00e1 ser exibida no app.<\/em><\/p>\n\n\n\n<div class=\"wp-block-image\"><figure class=\"aligncenter\"><img loading=\"lazy\" decoding=\"async\" width=\"894\" height=\"476\" src=\"https:\/\/igreja.digital\/suporte\/wp-content\/uploads\/2022\/07\/bg3-4.png\" alt=\"\" class=\"wp-image-1753\" srcset=\"https:\/\/igreja.digital\/suporte\/wp-content\/uploads\/2022\/07\/bg3-4.png 894w, https:\/\/igreja.digital\/suporte\/wp-content\/uploads\/2022\/07\/bg3-4-300x160.png 300w, https:\/\/igreja.digital\/suporte\/wp-content\/uploads\/2022\/07\/bg3-4-768x409.png 768w\" sizes=\"auto, (max-width: 894px) 100vw, 894px\" \/><figcaption>Figura 3: Formul\u00e1rio Nova escala<\/figcaption><\/figure><\/div>\n\n\n\n<p><strong>Passo 4<\/strong> \u2014 Ap\u00f3s finalizar o preenchimento do formul\u00e1rio, clique no bot\u00e3o <strong>Salvar<\/strong>. (Figura 4)<\/p>\n\n\n\n<div class=\"wp-block-image\"><figure class=\"aligncenter\"><img loading=\"lazy\" decoding=\"async\" width=\"208\" height=\"72\" src=\"https:\/\/igreja.digital\/suporte\/wp-content\/uploads\/2022\/06\/bg4-2.png\" alt=\"\" class=\"wp-image-1602\"\/><figcaption>Figura 4: Bot\u00e3o Salvar<\/figcaption><\/figure><\/div>\n\n\n\n<p><strong>Passo 5<\/strong> \u2014 No bot\u00e3o <strong>Personalizar<\/strong>, voc\u00ea poder\u00e1 alterar a configura\u00e7\u00e3o de visualiza\u00e7\u00e3o e impress\u00e3o. (Figura 5)<\/p>\n\n\n\n<div class=\"wp-block-image\"><figure class=\"aligncenter\"><img loading=\"lazy\" decoding=\"async\" width=\"340\" height=\"128\" src=\"https:\/\/igreja.digital\/suporte\/wp-content\/uploads\/2022\/07\/bg4-3.png\" alt=\"\" class=\"wp-image-1758\" srcset=\"https:\/\/igreja.digital\/suporte\/wp-content\/uploads\/2022\/07\/bg4-3.png 340w, https:\/\/igreja.digital\/suporte\/wp-content\/uploads\/2022\/07\/bg4-3-300x113.png 300w\" sizes=\"auto, (max-width: 340px) 100vw, 340px\" \/><figcaption>Figura 5: Bot\u00e3o Personalizar<\/figcaption><\/figure><\/div>\n\n\n\n<p><strong>Passo 6<\/strong> \u2014 No bot\u00e3o <strong>Categorias<\/strong>, voc\u00ea poder\u00e1 definir quais as categorias poder\u00e3o ser utilizadas nas escalas. (Figura 6)<\/p>\n\n\n\n<div class=\"wp-block-image\"><figure class=\"aligncenter\"><img loading=\"lazy\" decoding=\"async\" width=\"340\" height=\"128\" src=\"https:\/\/igreja.digital\/suporte\/wp-content\/uploads\/2022\/07\/bg5.png\" alt=\"\" class=\"wp-image-1760\" srcset=\"https:\/\/igreja.digital\/suporte\/wp-content\/uploads\/2022\/07\/bg5.png 340w, https:\/\/igreja.digital\/suporte\/wp-content\/uploads\/2022\/07\/bg5-300x113.png 300w\" sizes=\"auto, (max-width: 340px) 100vw, 340px\" \/><figcaption>Figura 6: Bot\u00e3o Categorias<\/figcaption><\/figure><\/div>\n\n\n\n<hr class=\"wp-block-separator\"\/>\n\n\n\n<p>Pronto! A escala foi criada com sucesso.<\/p>\n","protected":false},"excerpt":{"rendered":"<p>Neste tutorial, aprenderemos passo-a-passo como criar uma escala. Passo 1 \u2014 Acesse \u00e0 p\u00e1gina: Organiza\u00e7\u00e3o\/Escalas. (Figura 1) Passo 2 \u2014 Em seguida, clique no bot\u00e3o Nova escala. (Figura 2) Passo 3 \u2014 Na janela que abrir, preencha os campos que desejar nas abas dispon\u00edveis do formul\u00e1rio Nova escala. (Figura 3) Nota 1: Os campos assinalados [&hellip;]<\/p>\n","protected":false},"author":1,"featured_media":0,"comment_status":"closed","ping_status":"closed","sticky":false,"template":"","format":"standard","meta":{"footnotes":""},"categories":[90,79],"tags":[],"class_list":["post-1747","post","type-post","status-publish","format-standard","hentry","category-escalas","category-organizacao"],"jetpack_featured_media_url":"","_links":{"self":[{"href":"https:\/\/igreja.digital\/suporte\/wp-json\/wp\/v2\/posts\/1747","targetHints":{"allow":["GET"]}}],"collection":[{"href":"https:\/\/igreja.digital\/suporte\/wp-json\/wp\/v2\/posts"}],"about":[{"href":"https:\/\/igreja.digital\/suporte\/wp-json\/wp\/v2\/types\/post"}],"author":[{"embeddable":true,"href":"https:\/\/igreja.digital\/suporte\/wp-json\/wp\/v2\/users\/1"}],"replies":[{"embeddable":true,"href":"https:\/\/igreja.digital\/suporte\/wp-json\/wp\/v2\/comments?post=1747"}],"version-history":[{"count":8,"href":"https:\/\/igreja.digital\/suporte\/wp-json\/wp\/v2\/posts\/1747\/revisions"}],"predecessor-version":[{"id":1834,"href":"https:\/\/igreja.digital\/suporte\/wp-json\/wp\/v2\/posts\/1747\/revisions\/1834"}],"wp:attachment":[{"href":"https:\/\/igreja.digital\/suporte\/wp-json\/wp\/v2\/media?parent=1747"}],"wp:term":[{"taxonomy":"category","embeddable":true,"href":"https:\/\/igreja.digital\/suporte\/wp-json\/wp\/v2\/categories?post=1747"},{"taxonomy":"post_tag","embeddable":true,"href":"https:\/\/igreja.digital\/suporte\/wp-json\/wp\/v2\/tags?post=1747"}],"curies":[{"name":"wp","href":"https:\/\/api.w.org\/{rel}","templated":true}]}}